{"id":127,"date":"2024-03-27T14:00:50","date_gmt":"2024-03-27T13:00:50","guid":{"rendered":"https:\/\/www.mrdesign.de\/magazin\/?p=127"},"modified":"2024-03-27T14:12:09","modified_gmt":"2024-03-27T13:12:09","slug":"wie-waehlt-man-das-perfekte-design-fuer-eine-firmenfahne","status":"publish","type":"post","link":"https:\/\/www.mrdesign.de\/magazin\/wie-waehlt-man-das-perfekte-design-fuer-eine-firmenfahne\/","title":{"rendered":"Wie w\u00e4hlt man das perfekte Design f\u00fcr eine Firmenfahne?"},"content":{"rendered":"<p style=\"text-align: justify;\"><strong>Individuell <\/strong><a href=\"https:\/\/www.mrdesign.de\/fahnen-drucken\"><strong>bedruckte Firmenfahnen<\/strong><\/a><strong> sind effiziente Werbetr\u00e4ger. Sie punkten zum einen mit relativ geringen Anschaffungskosten und zum anderen mit einer \u00fcberzeugenden Wirkung. Am <\/strong><a href=\"https:\/\/www.mrdesign.de\/fahnenmasten-und-zubehoer\/fahnenmasten\"><strong>Fahnenmast<\/strong><\/a><strong> im Wind flatternd, ziehen sie die Aufmerksamkeit der Passanten auf sich. Durch die Bewegung werden sie als dynamisch wahrgenommen \u2013 eine Eigenschaft, die selbstverst\u00e4ndlich jede Firma vermitteln m\u00f6chte. In diesem Beitrag erfahren Sie, wie Sie das perfekte Design f\u00fcr Ihre Firmenfahne w\u00e4hlen und worauf es sonst noch ankommt, um mit ihr den bestm\u00f6glichen Werbeeffekt zu erzielen.<\/strong><\/p>\n<h2>Design der Firmenfahne auf die Corporate Identity abstimmen<\/h2>\n<p style=\"text-align: justify;\">Jede Firma hebt sich nat\u00fcrlich durch ihre Corporate Identity (CI) von anderen Unternehmen mit einem \u00e4hnlichen Leistungsangebot ab. Deshalb ist die CI fester Bestandteil von Werbemitteln. Auch Firmenfahnen und deren Design bilden hier nat\u00fcrlich keine Ausnahme. In erster Linie gilt es somit sicherzustellen, dass das Design der Firmenflagge optimal zum eigenen Unternehmen passt. Das Corporate Design setzt sich haupts\u00e4chlich aus dem Logo und den typischen Firmenfarben zusammen. Doch auch Details wie die Schriftart und -gr\u00f6\u00dfe sowie das gesamte Erscheinungsbild der Fahne sollten den individuellen Charakter und die Philosophie der Firma eindeutig widerspiegeln. Denn: Eine markant und ansprechend gestaltete Werbeflagge kann kurzfristig die gew\u00fcnschte Wirkung erzeugen, doch nur wenn sie dabei Authentizit\u00e4t ausstrahlt, stehen die Chancen gut, dass der Effekt beispielsweise bei der Dauerbeflaggung auch von langanhaltender Dauer ist.<\/p>\n<p><a href=\"https:\/\/www.mrdesign.de\/fahnen-drucken-120-cm-x-300-cm-mit-hohlsaum\"><img loading=\"lazy\" decoding=\"async\" class=\"aligncenter wp-image-77 size-full\" style=\"color: #2d7dd0;\" title=\"Fahnen drucken 120 cm x 300 cm mit Hohlsaum\" src=\"https:\/\/www.mrdesign.de\/magazin\/wp-content\/uploads\/2025\/02\/Fahne-MR-Design.jpg\" alt=\"Fahnen drucken 120 cm x 300 cm mit Hohlsaum\" width=\"850\" height=\"991\" srcset=\"https:\/\/www.mrdesign.de\/magazin\/wp-content\/uploads\/2025\/02\/Fahne-MR-Design.jpg 850w, https:\/\/www.mrdesign.de\/magazin\/wp-content\/uploads\/2025\/02\/Fahne-MR-Design-257x300.jpg 257w, https:\/\/www.mrdesign.de\/magazin\/wp-content\/uploads\/2025\/02\/Fahne-MR-Design-768x895.jpg 768w\" sizes=\"auto, (max-width: 850px) 100vw, 850px\" \/><\/a><\/p>\n<div class=\"box info  \"><div class=\"box-inner-block\"><i class=\"fa tie-shortcode-boxicon\"><\/i>\n\t\t\tTipp: Sie haben die M\u00f6glichkeit, Ihre Flagge selbst zu designen und das erstellte Motiv daraufhin von unserer <a href=\"https:\/\/www.mrdesign.de\/\">professionellen Fahnendruckerei<\/a> auf Ihr <a href=\"https:\/\/www.mrdesign.de\/fahnen-drucken-nach-mass\">bevorzugtes Fahnenformat drucken<\/a> zu lassen. Bei Bedarf bieten wir Ihnen zus\u00e4tzlich Hilfe bei der Ausarbeitung des Fahnendesigns.\n\t\t\t<\/div><\/div>\n<h2>Kernelemente bei der Gestaltung von Firmenfahnen<\/h2>\n<p style=\"text-align: justify;\">Der gestalterische Aufbau und das Design von Firmenfahnen will immer gut \u00fcberlegt sein. Zwar f\u00e4llt eine im Wind wehende Werbeflagge vor dem Point of Sale oder an der Stra\u00dfe automatisch auf und zieht Aufmerksamkeit auf sich, allerdings ist sie insbesondere f\u00fcr vorbeifahrende Menschen nur wenige Sekunden wahrnehmbar. Deshalb gilt es Firmen- oder Werbefahnen generell so zu designen, dass sie die zentralen Botschaften kurz und pr\u00e4gnant vermitteln. Die wichtigsten Kernelemente, die beim Design einer Firmenflagge beachtet werden sollten, sind deswegen:<\/p>\n<ul>\n<li>Logo<\/li>\n<li>Farbe<\/li>\n<li>Slogan<\/li>\n<\/ul>\n<h2>Fahne mit eigenem Logo erstellen<\/h2>\n<p style=\"text-align: justify;\">Das Logo ist das eindr\u00fccklichste Alleinstellungsmerkmal einer jeden Firma. Deshalb sollte es auch die Werbefahne unbedingt zieren. Dabei spielt es keine Rolle, wo und wof\u00fcr genau Sie die Flagge verwenden m\u00f6chten: Ob es um eine <a href=\"https:\/\/www.mrdesign.de\/beachflag\">bedruckte Beachflag<\/a> f\u00fcr Ihren Auftritt bei einer Messe oder um die Dauerbeflaggung auf Ihrem Firmengel\u00e4nde geht \u2013 das Logo geh\u00f6rt zur Darstellung Ihrer Firma einfach dazu.<\/p>\n<p><a href=\"https:\/\/www.mrdesign.de\/beachflag-alu-square-pro-system\"><img loading=\"lazy\" decoding=\"async\" class=\"aligncenter wp-image-72 \" title=\"Beachflag Alu Square Pro System\" src=\"https:\/\/www.mrdesign.de\/magazin\/wp-content\/uploads\/2025\/02\/Beachflag-alu-square.jpg\" alt=\"Beachflag Alu Square Pro System - Firmenfahne\" width=\"527\" height=\"871\" srcset=\"https:\/\/www.mrdesign.de\/magazin\/wp-content\/uploads\/2025\/02\/Beachflag-alu-square.jpg 470w, https:\/\/www.mrdesign.de\/magazin\/wp-content\/uploads\/2025\/02\/Beachflag-alu-square-181x300.jpg 181w\" sizes=\"auto, (max-width: 527px) 100vw, 527px\" \/><\/a><\/p>\n<h2>Farbe gem\u00e4\u00df dem Corporate Design w\u00e4hlen<\/h2>\n<p style=\"text-align: justify;\">Gestalten Sie den Hintergrund Ihrer Werbefahne in der typischen Farbe Ihres Unternehmens. Sind f\u00fcr Ihre Firma mehrere Farben charakteristisch, so setzen Sie die Basis der Flagge mehrfarbig um. Doch Vorsicht: Zu bunt sollten Sie es nicht treiben, ansonsten wirkt das Design schnell chaotisch, unruhig und aufdringlich. Im Zweifelsfall picken Sie sich am besten einfach jene Farbe heraus, die Ihr Corporate Design beziehungsweise Ihr Unternehmen am treffendsten repr\u00e4sentiert.<\/p>\n<h2>Slogan knapp und aussagekr\u00e4ftig formulieren<\/h2>\n<p style=\"text-align: justify;\">In der begrenzten Zeitspanne, in der die Firmen- oder Werbefahne f\u00fcr Passanten sichtbar ist, k\u00f6nnen Letztere keine Romane lesen. Achten Sie daher darauf, Ihren Werbeslogan m\u00f6glichst knapp und aussagekr\u00e4ftig zu formulieren. Im Idealfall umfasst er maximal zwei bis f\u00fcnf W\u00f6rter. Kurze Slogans sind im Trend \u2013 und f\u00fcr potenzielle Kunden schlichtweg schneller erfassbar.<\/p>\n<p><a href=\"https:\/\/www.mrdesign.de\/flaggendruck-querformat-200-cm-x-150-cm\"><img loading=\"lazy\" decoding=\"async\" class=\"alignnone wp-image-81 size-full\" title=\"Flaggendruck Querformat 200 cm x 150 cm\" src=\"https:\/\/www.mrdesign.de\/magazin\/wp-content\/uploads\/2025\/02\/flaggendruck-querformat-200-cm-x-150-cm.jpg\" alt=\"Flaggendruck Querformat 200 cm x 150 cm - Firmenfahne\" width=\"850\" height=\"553\" srcset=\"https:\/\/www.mrdesign.de\/magazin\/wp-content\/uploads\/2025\/02\/flaggendruck-querformat-200-cm-x-150-cm.jpg 850w, https:\/\/www.mrdesign.de\/magazin\/wp-content\/uploads\/2025\/02\/flaggendruck-querformat-200-cm-x-150-cm-300x195.jpg 300w, https:\/\/www.mrdesign.de\/magazin\/wp-content\/uploads\/2025\/02\/flaggendruck-querformat-200-cm-x-150-cm-768x500.jpg 768w\" sizes=\"auto, (max-width: 850px) 100vw, 850px\" \/><\/a><\/p>\n<h2>Welche sonstigen Gestaltungsmerkmale zur optimalen Wirkung von Firmen- und Werbefahnen beitragen<\/h2>\n<p style=\"text-align: justify;\">Neben der stilvollen Gestaltung im Corporate Design gibt es nat\u00fcrlich noch viele weitere Merkmale, die die optimale Wirkung der Werbeflagge beeinflussen. Hier die wichtigsten Aspekte in der \u00dcbersicht:<\/p>\n<ul>\n<li>Fahnentyp<\/li>\n<li>Fahnengr\u00f6\u00dfe und -format<\/li>\n<li>Gr\u00f6\u00dfenverh\u00e4ltnis zwischen Fahne und Mast<\/li>\n<li>Motivgr\u00f6\u00dfe<\/li>\n<li>Lesbarkeit der Schrift<\/li>\n<li>Qualit\u00e4t des Fahnenstoffes und Drucks<\/li>\n<\/ul>\n<h3>Geeigneter Fahnentyp f\u00fcr den jeweiligen Zweck<\/h3>\n<p style=\"text-align: justify;\">Es ist essenziell, dass Sie den Fahnentyp an den jeweiligen Zweck anpassen. Zwei Beispiele: Wenn Sie in einer windigen Region ans\u00e4ssig sind und als Firma in besonderem Ma\u00dfe Dynamik und Aktivit\u00e4t vermitteln m\u00f6chten, treffen Sie mit einer <a href=\"https:\/\/www.mrdesign.de\/fahnen-drucken\/hissfahnen-mit-hohlsaum\">bedruckten Hissfahne<\/a> die richtige Wahl. Ist Ihr Firmensitz hingegen in einer weniger windigen Region angesiedelt und legen Sie gro\u00dfen Wert auf eine jederzeit gute Sichtbarkeit Ihrer Werbebotschaft, so empfiehlt sich eine <a href=\"https:\/\/www.mrdesign.de\/fahnen-drucken\/bannerfahnen\">bedrucke Bannerfahne<\/a> oder Sie hissen Ihre Werbeflagge an einem <a href=\"https:\/\/www.mrdesign.de\/fahnenmasten-und-zubehoer\/fahnenmasten\/mit-ausleger\">Fahnenmast mit Ausleger<\/a>. Bei beiden Varianten bleibt die Firmenfahne auch bei Windstille straff und Botschaft sowie Logo sind deutlich zu erkennen.<\/p>\n<p><a href=\"https:\/\/www.mrdesign.de\/beidseitig-bedruckte-fahne-120-cm-x-300-cm\"><img loading=\"lazy\" decoding=\"async\" class=\"aligncenter wp-image-70 size-full\" title=\"Beidseitig bedruckte Fahne 120 cm x 300 cm\" src=\"https:\/\/www.mrdesign.de\/magazin\/wp-content\/uploads\/2025\/02\/MR-Design-Firmenfahnen.jpg\" alt=\"Beidseitig bedruckte Fahne 120 cm x 300 cm\" width=\"850\" height=\"638\" srcset=\"https:\/\/www.mrdesign.de\/magazin\/wp-content\/uploads\/2025\/02\/MR-Design-Firmenfahnen.jpg 850w, https:\/\/www.mrdesign.de\/magazin\/wp-content\/uploads\/2025\/02\/MR-Design-Firmenfahnen-300x225.jpg 300w, https:\/\/www.mrdesign.de\/magazin\/wp-content\/uploads\/2025\/02\/MR-Design-Firmenfahnen-768x576.jpg 768w\" sizes=\"auto, (max-width: 850px) 100vw, 850px\" \/><\/a><\/p>\n<h3>Angemessene Gr\u00f6\u00dfe und passendes Format der Fahne<\/h3>\n<p style=\"text-align: justify;\">Dass die Botschaft umso nachhaltiger auff\u00e4llt, je gr\u00f6\u00dfer die Firmenflagge ist, versteht sich von selbst. Es geht jedoch auch darum, das Format an das gew\u00fcnschte Design anzupassen. Da Firmenfahnen sowohl im Hoch- als auch im Querformat erh\u00e4ltlich sind, k\u00f6nnen Sie die Ausf\u00fchrung der Flagge einfach auf das erarbeitete Motiv abstimmen \u2013 oder umgekehrt, wenn Sie ein bestimmtes Format bevorzugen.<\/p>\n<h3>Harmonisches Gr\u00f6\u00dfenverh\u00e4ltnis zwischen Fahne und Mast<\/h3>\n<p style=\"text-align: justify;\">Das Gr\u00f6\u00dfenverh\u00e4ltnis zwischen Fahne und Mast sollte harmonisch sein. W\u00e4hrend kleine Flaggen auf hohen Masten optisch untergehen, wirken gro\u00dfe Fahnen auf kleinen Masten leicht wie gewollt und nicht gekonnt. F\u00fcr die Wahl des optimalen Gr\u00f6\u00dfenverh\u00e4ltnisses k\u00f6nnen Sie sich folgende Faustregeln merken:<\/p>\n<ul>\n<li>Wenn der Abstand zwischen der Unterkante der Werbeflagge und dem Boden etwa drei bis vier Meter betr\u00e4gt, erzielt die Firmenfahne eine ideale Wirkung.<\/li>\n<li>Der Mast sollte ungef\u00e4hr doppelt so hoch sein wie die Firmenflagge.<\/li>\n<\/ul>\n<h3><a href=\"https:\/\/www.mrdesign.de\/fahne-150-x-500-cm-flagmesh-mit-hohlsaum\"><img loading=\"lazy\" decoding=\"async\" class=\"aligncenter wp-image-79 size-full\" title=\"Fahne 150 x 500 cm Flagmesh mit Hohlsaum\" src=\"https:\/\/www.mrdesign.de\/magazin\/wp-content\/uploads\/2025\/02\/Fahne-Flagmesh-mit-Hohlsaum.jpg\" alt=\"Fahne 150 x 500 cm Flagmesh mit Hohlsaum\" width=\"850\" height=\"646\" srcset=\"https:\/\/www.mrdesign.de\/magazin\/wp-content\/uploads\/2025\/02\/Fahne-Flagmesh-mit-Hohlsaum.jpg 850w, https:\/\/www.mrdesign.de\/magazin\/wp-content\/uploads\/2025\/02\/Fahne-Flagmesh-mit-Hohlsaum-300x228.jpg 300w, https:\/\/www.mrdesign.de\/magazin\/wp-content\/uploads\/2025\/02\/Fahne-Flagmesh-mit-Hohlsaum-768x584.jpg 768w\" sizes=\"auto, (max-width: 850px) 100vw, 850px\" \/><\/a><\/h3>\n<h3>Ad\u00e4quate Gr\u00f6\u00dfe des Motivs auf der Firmenfahne<\/h3>\n<p style=\"text-align: justify;\">Die ideale Gr\u00f6\u00dfe des Logos oder des Motivs h\u00e4ngt davon ab, welchen Fahnentyp Sie w\u00e4hlen:<\/p>\n<ul>\n<li style=\"text-align: justify;\">Wenn Sie sich f\u00fcr eine Hissfahne zu Beflaggung eines <a href=\"https:\/\/www.mrdesign.de\/fahnenmasten-und-zubehoer\/fahnenmasten\/ohne-ausleger\">Fahnenmasts ohne Ausleger<\/a> entscheiden, sollten Sie das Motiv f\u00fcr den Druck eher kleiner gestalten. Schlie\u00dflich geben solche Firmen- oder Werbefahnen den Blick auf gro\u00dffl\u00e4chige Logos und Schriftz\u00fcge nur bei ausreichend starkem Wind frei. Um also zu gew\u00e4hrleisten, dass das Motiv auch bei Windstille gut erkennbar bleibt, halten Sie es besser etwas kompakter.<\/li>\n<li style=\"text-align: justify;\">Wenn Sie die Firmenfahne an einem Mast mit Ausleger befestigen, k\u00f6nnen Sie das Motiv gerne gr\u00f6\u00dfer auf die Flagge drucken lassen \u2013 Hauptsache, der Druck spiegelt Ihr Corporate Design wider.<\/li>\n<\/ul>\n<h3>Gut lesbare Schrift<\/h3>\n<p style=\"text-align: justify;\">Damit der Slogan auf der Firmenfahne den angestrebten Effekt hat, muss er nicht nur im Corporate Design gehalten, sondern auch einwandfrei lesbar sein. Achten Sie demnach auf eine angenehme Schriftart und -gr\u00f6\u00dfe. Klare Buchstaben sind elementar. Auf allzu verschn\u00f6rkelte Schriften verzichten Sie besser, auch wenn sie sch\u00f6n aussehen.<\/p>\n<p><a href=\"https:\/\/www.mrdesign.de\/alu-wind-pro-beachflag-system\"><img loading=\"lazy\" decoding=\"async\" class=\"aligncenter wp-image-96 size-full\" title=\"Alu Wind Pro Beachflag System\" src=\"https:\/\/www.mrdesign.de\/magazin\/wp-content\/uploads\/2026\/02\/MRDesign-Beachflag-Wind-2.jpg\" alt=\"Alu Wind Pro Beachflag System\" width=\"850\" height=\"457\" srcset=\"https:\/\/www.mrdesign.de\/magazin\/wp-content\/uploads\/2026\/02\/MRDesign-Beachflag-Wind-2.jpg 850w, https:\/\/www.mrdesign.de\/magazin\/wp-content\/uploads\/2026\/02\/MRDesign-Beachflag-Wind-2-300x161.jpg 300w, https:\/\/www.mrdesign.de\/magazin\/wp-content\/uploads\/2026\/02\/MRDesign-Beachflag-Wind-2-768x413.jpg 768w\" sizes=\"auto, (max-width: 850px) 100vw, 850px\" \/><\/a><\/p>\n<h3>Fahnenstoff und Druck in hoher Qualit\u00e4t<\/h3>\n<p style=\"text-align: justify;\">Die Firmenflagge sollte auch einer hohen Windlast problemlos standhalten k\u00f6nnen. Dar\u00fcber hinaus muss die Farbe beziehungsweise der Druck immer frisch und brillant aussehen. Buchst\u00e4blich vom Winde verwehte, unscharf bedruckte und\/oder verblichene Firmenfahnen vermitteln schnell ein wenig imagef\u00f6rderndes Bild des jeweiligen Unternehmens. Deshalb ist entscheidend, dass Fahnenstoff und Druck qualitativ \u00fcberzeugen.<\/p>\n<p style=\"text-align: justify;\">Noch ein kleiner Tipp zum Abschluss: Auf einem gro\u00dfen Firmengel\u00e4nde empfiehlt sich eine Gruppe aus drei bis f\u00fcnf Masten. Dabei sollten die Fahnen identisch gestaltet sein. Dadurch werden Passanten mit sehr hoher Wahrscheinlichkeit auf das Unternehmen aufmerksam und erhalten direkt einen klaren Eindruck von diesem. Achtung: Nebeneinander platzierte Flaggen mit variierenden Designs verwirren tendenziell und verfehlen ihre Wirkung.<\/p>\n","protected":false},"excerpt":{"rendered":"<p>Individuell bedruckte Firmenfahnen sind effiziente Werbetr\u00e4ger. Sie punkten zum einen mit relativ geringen Anschaffungskosten und zum anderen mit einer \u00fcberzeugenden Wirkung. Am Fahnenmast im Wind flatternd, ziehen sie die Aufmerksamkeit der Passanten auf sich. Durch die Bewegung werden sie als dynamisch wahrgenommen \u2013 eine Eigenschaft, die selbstverst\u00e4ndlich jede Firma vermitteln m\u00f6chte. In diesem Beitrag erfahren &hellip;<\/p>\n","protected":false},"author":1,"featured_media":67,"comment_status":"closed","ping_status":"open","sticky":false,"template":"","format":"standard","meta":{"footnotes":""},"categories":[1],"tags":[26,30,13,10,29,7,15,28,31],"class_list":["post-127","post","type-post","status-publish","format-standard","has-post-thumbnail","","category-design-inspiration","tag-corporate-identity","tag-fahnen-mit-logo","tag-fahnendesign","tag-fahnendruck","tag-fahnenmast","tag-firmenfahne","tag-marketing","tag-professionelle-fahnen","tag-slogans"],"yoast_head":"<!-- This site is optimized with the Yoast SEO plugin v24.2 - https:\/\/yoast.com\/wordpress\/plugins\/seo\/ -->\n<title>Wie w\u00e4hlt man das perfekte Design f\u00fcr eine Firmenfahne? - MR Design Magazin<\/title>\n<meta name=\"description\" content=\"So w\u00e4hlen Sie das ideale Design f\u00fcr Ihre Firmenfahne! Profi-Tipps f\u00fcr \u2714Fahnen-Druck \u2714optimale Farbauswahl \u2714Logogr\u00f6\u00dfe und \u2714Format| MR Design\" \/>\n<meta name=\"robots\" content=\"index, follow, max-snippet:-1, max-image-preview:large, max-video-preview:-1\" \/>\n<link rel=\"canonical\" href=\"https:\/\/www.mrdesign.de\/magazin\/wie-waehlt-man-das-perfekte-design-fuer-eine-firmenfahne\/\" \/>\n<meta property=\"og:locale\" content=\"de_DE\" \/>\n<meta property=\"og:type\" content=\"article\" \/>\n<meta property=\"og:title\" content=\"Wie w\u00e4hlt man das perfekte Design f\u00fcr eine Firmenfahne? - MR Design Magazin\" \/>\n<meta property=\"og:description\" content=\"So w\u00e4hlen Sie das ideale Design f\u00fcr Ihre Firmenfahne! Profi-Tipps f\u00fcr \u2714Fahnen-Druck \u2714optimale Farbauswahl \u2714Logogr\u00f6\u00dfe und \u2714Format| MR Design\" \/>\n<meta property=\"og:url\" content=\"https:\/\/www.mrdesign.de\/magazin\/wie-waehlt-man-das-perfekte-design-fuer-eine-firmenfahne\/\" \/>\n<meta property=\"og:site_name\" content=\"MR Design Magazin\" \/>\n<meta property=\"article:published_time\" content=\"2024-03-27T13:00:50+00:00\" \/>\n<meta property=\"article:modified_time\" content=\"2024-03-27T13:12:09+00:00\" \/>\n<meta property=\"og:image\" content=\"https:\/\/www.mrdesign.de\/magazin\/wp-content\/uploads\/2025\/02\/das-perfekte-Design-fuer-eine-Firmenfahne.jpg\" \/>\n\t<meta property=\"og:image:width\" content=\"800\" \/>\n\t<meta property=\"og:image:height\" content=\"489\" \/>\n\t<meta property=\"og:image:type\" content=\"image\/jpeg\" \/>\n<meta name=\"author\" content=\"mrdadmin\" \/>\n<meta name=\"twitter:card\" content=\"summary_large_image\" \/>\n<meta name=\"twitter:label1\" content=\"Verfasst von\" \/>\n\t<meta name=\"twitter:data1\" content=\"mrdadmin\" \/>\n\t<meta name=\"twitter:label2\" content=\"Gesch\u00e4tzte Lesezeit\" \/>\n\t<meta name=\"twitter:data2\" content=\"8\u00a0Minuten\" \/>\n<script type=\"application\/ld+json\" class=\"yoast-schema-graph\">{\"@context\":\"https:\/\/schema.org\",\"@graph\":[{\"@type\":\"WebPage\",\"@id\":\"https:\/\/www.mrdesign.de\/magazin\/wie-waehlt-man-das-perfekte-design-fuer-eine-firmenfahne\/\",\"url\":\"https:\/\/www.mrdesign.de\/magazin\/wie-waehlt-man-das-perfekte-design-fuer-eine-firmenfahne\/\",\"name\":\"Wie w\u00e4hlt man das perfekte Design f\u00fcr eine Firmenfahne? - MR Design Magazin\",\"isPartOf\":{\"@id\":\"https:\/\/www.mrdesign.de\/magazin\/#website\"},\"primaryImageOfPage\":{\"@id\":\"https:\/\/www.mrdesign.de\/magazin\/wie-waehlt-man-das-perfekte-design-fuer-eine-firmenfahne\/#primaryimage\"},\"image\":{\"@id\":\"https:\/\/www.mrdesign.de\/magazin\/wie-waehlt-man-das-perfekte-design-fuer-eine-firmenfahne\/#primaryimage\"},\"thumbnailUrl\":\"https:\/\/www.mrdesign.de\/magazin\/wp-content\/uploads\/2025\/02\/das-perfekte-Design-fuer-eine-Firmenfahne.jpg\",\"datePublished\":\"2024-03-27T13:00:50+00:00\",\"dateModified\":\"2024-03-27T13:12:09+00:00\",\"author\":{\"@id\":\"https:\/\/www.mrdesign.de\/magazin\/#\/schema\/person\/640beb52c03516813ea4c3f2794aa5e8\"},\"description\":\"So w\u00e4hlen Sie das ideale Design f\u00fcr Ihre Firmenfahne! Profi-Tipps f\u00fcr \u2714Fahnen-Druck \u2714optimale Farbauswahl \u2714Logogr\u00f6\u00dfe und \u2714Format| MR Design\",\"breadcrumb\":{\"@id\":\"https:\/\/www.mrdesign.de\/magazin\/wie-waehlt-man-das-perfekte-design-fuer-eine-firmenfahne\/#breadcrumb\"},\"inLanguage\":\"de\",\"potentialAction\":[{\"@type\":\"ReadAction\",\"target\":[\"https:\/\/www.mrdesign.de\/magazin\/wie-waehlt-man-das-perfekte-design-fuer-eine-firmenfahne\/\"]}]},{\"@type\":\"ImageObject\",\"inLanguage\":\"de\",\"@id\":\"https:\/\/www.mrdesign.de\/magazin\/wie-waehlt-man-das-perfekte-design-fuer-eine-firmenfahne\/#primaryimage\",\"url\":\"https:\/\/www.mrdesign.de\/magazin\/wp-content\/uploads\/2025\/02\/das-perfekte-Design-fuer-eine-Firmenfahne.jpg\",\"contentUrl\":\"https:\/\/www.mrdesign.de\/magazin\/wp-content\/uploads\/2025\/02\/das-perfekte-Design-fuer-eine-Firmenfahne.jpg\",\"width\":800,\"height\":489,\"caption\":\"das perfekte Design f\u00fcr eine Firmenfahne\"},{\"@type\":\"BreadcrumbList\",\"@id\":\"https:\/\/www.mrdesign.de\/magazin\/wie-waehlt-man-das-perfekte-design-fuer-eine-firmenfahne\/#breadcrumb\",\"itemListElement\":[{\"@type\":\"ListItem\",\"position\":1,\"name\":\"Startseite\",\"item\":\"https:\/\/www.mrdesign.de\/magazin\/\"},{\"@type\":\"ListItem\",\"position\":2,\"name\":\"Wie w\u00e4hlt man das perfekte Design f\u00fcr eine Firmenfahne?\"}]},{\"@type\":\"WebSite\",\"@id\":\"https:\/\/www.mrdesign.de\/magazin\/#website\",\"url\":\"https:\/\/www.mrdesign.de\/magazin\/\",\"name\":\"MR Design Magazin\",\"description\":\"\",\"potentialAction\":[{\"@type\":\"SearchAction\",\"target\":{\"@type\":\"EntryPoint\",\"urlTemplate\":\"https:\/\/www.mrdesign.de\/magazin\/?s={search_term_string}\"},\"query-input\":{\"@type\":\"PropertyValueSpecification\",\"valueRequired\":true,\"valueName\":\"search_term_string\"}}],\"inLanguage\":\"de\"},{\"@type\":\"Person\",\"@id\":\"https:\/\/www.mrdesign.de\/magazin\/#\/schema\/person\/640beb52c03516813ea4c3f2794aa5e8\",\"name\":\"mrdadmin\",\"image\":{\"@type\":\"ImageObject\",\"inLanguage\":\"de\",\"@id\":\"https:\/\/www.mrdesign.de\/magazin\/#\/schema\/person\/image\/\",\"url\":\"https:\/\/secure.gravatar.com\/avatar\/a80577b7cca0c60d9bc0338337ddad60?s=96&d=mm&r=g\",\"contentUrl\":\"https:\/\/secure.gravatar.com\/avatar\/a80577b7cca0c60d9bc0338337ddad60?s=96&d=mm&r=g\",\"caption\":\"mrdadmin\"},\"sameAs\":[\"http:\/\/www.mrdesign.de\/magazin\"]}]}<\/script>\n<!-- \/ Yoast SEO plugin. -->","yoast_head_json":{"title":"Wie w\u00e4hlt man das perfekte Design f\u00fcr eine Firmenfahne? - MR Design Magazin","description":"So w\u00e4hlen Sie das ideale Design f\u00fcr Ihre Firmenfahne! Profi-Tipps f\u00fcr \u2714Fahnen-Druck \u2714optimale Farbauswahl \u2714Logogr\u00f6\u00dfe und \u2714Format| MR Design","robots":{"index":"index","follow":"follow","max-snippet":"max-snippet:-1","max-image-preview":"max-image-preview:large","max-video-preview":"max-video-preview:-1"},"canonical":"https:\/\/www.mrdesign.de\/magazin\/wie-waehlt-man-das-perfekte-design-fuer-eine-firmenfahne\/","og_locale":"de_DE","og_type":"article","og_title":"Wie w\u00e4hlt man das perfekte Design f\u00fcr eine Firmenfahne? - MR Design Magazin","og_description":"So w\u00e4hlen Sie das ideale Design f\u00fcr Ihre Firmenfahne! Profi-Tipps f\u00fcr \u2714Fahnen-Druck \u2714optimale Farbauswahl \u2714Logogr\u00f6\u00dfe und \u2714Format| MR Design","og_url":"https:\/\/www.mrdesign.de\/magazin\/wie-waehlt-man-das-perfekte-design-fuer-eine-firmenfahne\/","og_site_name":"MR Design Magazin","article_published_time":"2024-03-27T13:00:50+00:00","article_modified_time":"2024-03-27T13:12:09+00:00","og_image":[{"width":800,"height":489,"url":"https:\/\/www.mrdesign.de\/magazin\/wp-content\/uploads\/2025\/02\/das-perfekte-Design-fuer-eine-Firmenfahne.jpg","type":"image\/jpeg"}],"author":"mrdadmin","twitter_card":"summary_large_image","twitter_misc":{"Verfasst von":"mrdadmin","Gesch\u00e4tzte Lesezeit":"8\u00a0Minuten"},"schema":{"@context":"https:\/\/schema.org","@graph":[{"@type":"WebPage","@id":"https:\/\/www.mrdesign.de\/magazin\/wie-waehlt-man-das-perfekte-design-fuer-eine-firmenfahne\/","url":"https:\/\/www.mrdesign.de\/magazin\/wie-waehlt-man-das-perfekte-design-fuer-eine-firmenfahne\/","name":"Wie w\u00e4hlt man das perfekte Design f\u00fcr eine Firmenfahne? - MR Design Magazin","isPartOf":{"@id":"https:\/\/www.mrdesign.de\/magazin\/#website"},"primaryImageOfPage":{"@id":"https:\/\/www.mrdesign.de\/magazin\/wie-waehlt-man-das-perfekte-design-fuer-eine-firmenfahne\/#primaryimage"},"image":{"@id":"https:\/\/www.mrdesign.de\/magazin\/wie-waehlt-man-das-perfekte-design-fuer-eine-firmenfahne\/#primaryimage"},"thumbnailUrl":"https:\/\/www.mrdesign.de\/magazin\/wp-content\/uploads\/2025\/02\/das-perfekte-Design-fuer-eine-Firmenfahne.jpg","datePublished":"2024-03-27T13:00:50+00:00","dateModified":"2024-03-27T13:12:09+00:00","author":{"@id":"https:\/\/www.mrdesign.de\/magazin\/#\/schema\/person\/640beb52c03516813ea4c3f2794aa5e8"},"description":"So w\u00e4hlen Sie das ideale Design f\u00fcr Ihre Firmenfahne! Profi-Tipps f\u00fcr \u2714Fahnen-Druck \u2714optimale Farbauswahl \u2714Logogr\u00f6\u00dfe und \u2714Format| MR Design","breadcrumb":{"@id":"https:\/\/www.mrdesign.de\/magazin\/wie-waehlt-man-das-perfekte-design-fuer-eine-firmenfahne\/#breadcrumb"},"inLanguage":"de","potentialAction":[{"@type":"ReadAction","target":["https:\/\/www.mrdesign.de\/magazin\/wie-waehlt-man-das-perfekte-design-fuer-eine-firmenfahne\/"]}]},{"@type":"ImageObject","inLanguage":"de","@id":"https:\/\/www.mrdesign.de\/magazin\/wie-waehlt-man-das-perfekte-design-fuer-eine-firmenfahne\/#primaryimage","url":"https:\/\/www.mrdesign.de\/magazin\/wp-content\/uploads\/2025\/02\/das-perfekte-Design-fuer-eine-Firmenfahne.jpg","contentUrl":"https:\/\/www.mrdesign.de\/magazin\/wp-content\/uploads\/2025\/02\/das-perfekte-Design-fuer-eine-Firmenfahne.jpg","width":800,"height":489,"caption":"das perfekte Design f\u00fcr eine Firmenfahne"},{"@type":"BreadcrumbList","@id":"https:\/\/www.mrdesign.de\/magazin\/wie-waehlt-man-das-perfekte-design-fuer-eine-firmenfahne\/#breadcrumb","itemListElement":[{"@type":"ListItem","position":1,"name":"Startseite","item":"https:\/\/www.mrdesign.de\/magazin\/"},{"@type":"ListItem","position":2,"name":"Wie w\u00e4hlt man das perfekte Design f\u00fcr eine Firmenfahne?"}]},{"@type":"WebSite","@id":"https:\/\/www.mrdesign.de\/magazin\/#website","url":"https:\/\/www.mrdesign.de\/magazin\/","name":"MR Design Magazin","description":"","potentialAction":[{"@type":"SearchAction","target":{"@type":"EntryPoint","urlTemplate":"https:\/\/www.mrdesign.de\/magazin\/?s={search_term_string}"},"query-input":{"@type":"PropertyValueSpecification","valueRequired":true,"valueName":"search_term_string"}}],"inLanguage":"de"},{"@type":"Person","@id":"https:\/\/www.mrdesign.de\/magazin\/#\/schema\/person\/640beb52c03516813ea4c3f2794aa5e8","name":"mrdadmin","image":{"@type":"ImageObject","inLanguage":"de","@id":"https:\/\/www.mrdesign.de\/magazin\/#\/schema\/person\/image\/","url":"https:\/\/secure.gravatar.com\/avatar\/a80577b7cca0c60d9bc0338337ddad60?s=96&d=mm&r=g","contentUrl":"https:\/\/secure.gravatar.com\/avatar\/a80577b7cca0c60d9bc0338337ddad60?s=96&d=mm&r=g","caption":"mrdadmin"},"sameAs":["http:\/\/www.mrdesign.de\/magazin"]}]}},"_links":{"self":[{"href":"https:\/\/www.mrdesign.de\/magazin\/wp-json\/wp\/v2\/posts\/127","targetHints":{"allow":["GET"]}}],"collection":[{"href":"https:\/\/www.mrdesign.de\/magazin\/wp-json\/wp\/v2\/posts"}],"about":[{"href":"https:\/\/www.mrdesign.de\/magazin\/wp-json\/wp\/v2\/types\/post"}],"author":[{"embeddable":true,"href":"https:\/\/www.mrdesign.de\/magazin\/wp-json\/wp\/v2\/users\/1"}],"replies":[{"embeddable":true,"href":"https:\/\/www.mrdesign.de\/magazin\/wp-json\/wp\/v2\/comments?post=127"}],"version-history":[{"count":22,"href":"https:\/\/www.mrdesign.de\/magazin\/wp-json\/wp\/v2\/posts\/127\/revisions"}],"predecessor-version":[{"id":177,"href":"https:\/\/www.mrdesign.de\/magazin\/wp-json\/wp\/v2\/posts\/127\/revisions\/177"}],"wp:featuredmedia":[{"embeddable":true,"href":"https:\/\/www.mrdesign.de\/magazin\/wp-json\/wp\/v2\/media\/67"}],"wp:attachment":[{"href":"https:\/\/www.mrdesign.de\/magazin\/wp-json\/wp\/v2\/media?parent=127"}],"wp:term":[{"taxonomy":"category","embeddable":true,"href":"https:\/\/www.mrdesign.de\/magazin\/wp-json\/wp\/v2\/categories?post=127"},{"taxonomy":"post_tag","embeddable":true,"href":"https:\/\/www.mrdesign.de\/magazin\/wp-json\/wp\/v2\/tags?post=127"}],"curies":[{"name":"wp","href":"https:\/\/api.w.org\/{rel}","templated":true}]}}